{"id":3289,"date":"2016-07-18T15:14:58","date_gmt":"2016-07-18T15:14:58","guid":{"rendered":"http:\/\/www.easymarket.travel\/it\/?p=3289"},"modified":"2019-01-22T16:12:02","modified_gmt":"2019-01-22T16:12:02","slug":"partiperunviaggio-la-i-tappa","status":"publish","type":"post","link":"https:\/\/www.easymarket.travel\/it\/racconti-di-viaggio\/partiperunviaggio-la-i-tappa\/","title":{"rendered":"#PARTIPERUNVIAGGIO: La I tappa"},"content":{"rendered":"<section class=\"wpb-content-wrapper\">[vc_row el_class=&#8221;bree&#8221;][vc_column]<div class=\"mkd-section-title-holder\">\n\t<h3 class=\"mkd-section-title mkd-section-title-small mkd-section-title-left\" style=\"text-align: left;margin-bottom: 0px\">\n\t<span>\n\t\tIl viaggio\t<\/span>\n<\/h3>\n<\/div><div class=\"mkd-section-subtitle-holder mkd-section-subtitle-left\" >\n\t<p style=\"text-align: left\" class=\"mkd-section-subtitle\">Un viaggio non una vacanza: Un\u2019avventura unica alla scoperta di una terra affascinante e misteriosa<\/p>\n<\/div>[vc_column_text]\n<div style=\"color: #404040;\"><strong>Easy Market<\/strong>, in collaborazione con <strong>Promper\u00f9<\/strong>, ha scelto due Agenti,\u00a0<strong><big>Agnese<\/big><\/strong> e <strong><big>Serena<\/big><\/strong>, come reporter, per raccontare la loro straordinaria esperienza in Per\u00f9.<br \/>\nUn viaggio emozionale, che attraverso le immagini e le parole delle due inviate speciali, ci far\u00e0 conoscere luoghi unici al mondo e molto di pi\u00f9\u2026<\/div>\n<p>Ci racconteranno: tappe, strutture, mete che visiteranno e condivideranno con noi scatti, video ed emozioni!<\/p>\n<h4>I luoghi, la cultura e le trazioni di un paese affascinante e ricco di storia!<\/h4>\n[\/vc_column_text][\/vc_column][\/vc_row][vc_row css=&#8221;.vc_custom_1492616011259{margin-top: 0px !important;margin-right: 0px !important;margin-bottom: 0px !important;margin-left: 0px !important;border-top-width: 0px !important;border-right-width: 0px !important;border-bottom-width: 0px !important;border-left-width: 0px !important;padding-top: 0px !important;padding-right: 0px !important;padding-bottom: 0px !important;padding-left: 0px !important;background-color: #ffffff !important;border-left-style: solid !important;border-right-style: solid !important;border-top-style: solid !important;border-bottom-style: solid !important;}&#8221; el_class=&#8221;bree&#8221;][vc_column width=&#8221;1\/3&#8243; css=&#8221;.vc_custom_1489745990385{margin-top: 10px !important;margin-right: 0px !important;margin-bottom: 10px !important;margin-left: 0px !important;border-top-width: 1px !important;border-right-width: 1px !important;border-bottom-width: 1px !important;border-left-width: 1px !important;padding-top: 0px !important;padding-right: 0px !important;padding-bottom: 0px !important;padding-left: 0px !important;background-color: #ffffff !important;border-left-color: #cecece !important;border-left-style: solid !important;border-right-color: #cecece !important;border-right-style: solid !important;border-top-color: #cecece !important;border-top-style: solid !important;border-bottom-color: #cecece !important;border-bottom-style: solid !important;}&#8221; offset=&#8221;vc_col-lg-offset-0&#8243;][vc_single_image image=&#8221;3301&#8243; img_size=&#8221;medium&#8221; alignment=&#8221;center&#8221; css=&#8221;.vc_custom_1490027780297{margin-top: 0px !important;margin-right: 0px !important;margin-bottom: 0px !important;margin-left: 0px !important;padding-top: 0px !important;padding-right: 0px !important;padding-bottom: 0px !important;padding-left: 0px !important;}&#8221; el_class=&#8221;maxwidth&#8221;][vc_column_text el_class=&#8221;bree&#8221; css=&#8221;.vc_custom_1490027807034{padding-top: 5px !important;padding-right: 5px !important;padding-bottom: 5px !important;padding-left: 5px !important;}&#8221;]\n<h4 class=\"bree\">\u2026 Ha inizio l\u2019avventura<\/h4>\n<p>La prima tappa di un viaggio unico in una terra magica: Combinazione di colori, storia e paesaggi mozzafiato[\/vc_column_text][\/vc_column][vc_column width=&#8221;1\/3&#8243; css=&#8221;.vc_custom_1489746019865{margin-top: 10px !important;margin-right: 1px !important;margin-bottom: 10px !important;margin-left: 1px !important;border-top-width: 1px !important;border-right-width: 1px !important;border-bottom-width: 1px !important;border-left-width: 1px !important;padding-top: 0px !important;padding-right: 0px !important;padding-bottom: 0px !important;padding-left: 0px !important;background-color: #ffffff !important;border-left-color: #cecece !important;border-left-style: solid !important;border-right-color: #cecece !important;border-right-style: solid !important;border-top-color: #cecece !important;border-top-style: solid !important;border-bottom-color: #cecece !important;border-bottom-style: solid !important;}&#8221; offset=&#8221;vc_col-lg-offset-0&#8243;][vc_single_image image=&#8221;3297&#8243; img_size=&#8221;medium&#8221; alignment=&#8221;center&#8221; el_class=&#8221;maxwidth&#8221;][vc_column_text el_class=&#8221;bree&#8221; css=&#8221;.vc_custom_1490027877530{padding-top: 5px !important;padding-right: 5px !important;padding-bottom: 5px !important;padding-left: 5px !important;}&#8221;]\n<h4 class=\"bree\">L\u2019emozione della partenza<\/h4>\n<p>\u201c2.07: sono le ore che mancano all\u2019atterraggio a Lima\u2026 Parte del nostro sogno si \u00e8 gi\u00e0 avverato\u201d[\/vc_column_text][\/vc_column][vc_column width=&#8221;1\/3&#8243; css=&#8221;.vc_custom_1489746032872{margin-top: 10px !important;margin-right: 0px !important;margin-bottom: 10px !important;margin-left: 0px !important;border-top-width: 1px !important;border-right-width: 1px !important;border-bottom-width: 1px !important;border-left-width: 1px !important;padding-top: 0px !important;padding-right: 0px !important;padding-bottom: 0px !important;padding-left: 0px !important;background-color: #ffffff !important;border-left-color: #cecece !important;border-left-style: solid !important;border-right-color: #cecece !important;border-right-style: solid !important;border-top-color: #cecece !important;border-top-style: solid !important;border-bottom-color: #cecece !important;border-bottom-style: solid !important;}&#8221; offset=&#8221;vc_col-lg-offset-0&#8243;][vc_single_image image=&#8221;3299&#8243; img_size=&#8221;medium&#8221; alignment=&#8221;center&#8221; el_class=&#8221;maxwidth&#8221;][vc_column_text el_class=&#8221;bree&#8221; css=&#8221;.vc_custom_1490027915967{padding-top: 5px !important;padding-right: 5px !important;padding-bottom: 5px !important;padding-left: 5px !important;}&#8221;]\n<h4 class=\"bree\">Un sogno che si avvera<\/h4>\n<p>\u201cDa Lima ad Arequipa. Visita alla citt\u00e0 bianca: Un mix di cultura, religione e modernit\u00e0\u2026Da non perdere!\u201d[\/vc_column_text][\/vc_column][\/vc_row][vc_row el_class=&#8221;bree&#8221;][vc_column]<div class=\"mkd-section-title-holder\">\n\t<h3 class=\"mkd-section-title mkd-section-title-small mkd-section-title-left\" style=\"color: #75c044;text-align: left\">\n\t<span>\n\t\t#Partiperunviaggio Tappa I \u2013 Il racconto di Agnese\t<\/span>\n<\/h3>\n<\/div><div class=\"mkd-section-subtitle-holder mkd-section-subtitle-left\" >\n\t<p style=\"color: #75c044;text-align: left\" class=\"mkd-section-subtitle\">15 Luglio 2016 \u2013 Giorno I<\/p>\n<\/div>[vc_column_text]Sul primo volo di questo viaggio, quello che dalla Sardegna mi porta a Milano, il pi\u00f9 breve, il pi\u00f9 volte fatto e\u2026il pi\u00f9 temuto! Nei giorni scorsi infatti il pensiero era rivolto alla meridiana e ai suoi scioperi che avrebbero rischiato di non farmi arrivare in tempo a Milano. Infatti, nonostante ci siano ben 9 h da quando arrivo a Milano a quando riparto per Lima, se dalle Sardegna perdo quest\u2019 ultimo volo sono fregata, niente e nessuno mi far\u00e0 arrivare \u201d in continente \u201d per tempo, n\u00e9 auto, n\u00e9 treni, ne navi\u2026zero. Isolata nell\u2019isola e questo, da agente di viaggio avrei dovuto calcolarlo! Invece, da temeraria, ho rischiato. Se la divina provvidenza vorr\u00e0, tra 15\u2032 sar\u00f2 a Linate e cercher\u00f2 una panchina su cui passare la notte, cos\u00ec, per essere certa di essere gi\u00e0 li alle 4.30, perch\u00e9 si sa\u2026la fortuna necessita ingegno\u2026[\/vc_column_text]<div class=\"mkd-section-subtitle-holder mkd-section-subtitle-left\" >\n\t<p style=\"color: #75c044;text-align: left\" class=\"mkd-section-subtitle\">16 Luglio 2016 \u2013 Giorno II<\/p>\n<\/div>[vc_column_text]2.07 sono le ore che mancano all\u2019atterraggio a Lima\u2026parte del mio sogno si \u00e8 gi\u00e0 avverato! Ho il sedere (ormai addormento) su un volo intercontinentale ormai da pi\u00f9 di 10 ore. Ho visto 2 film, mangiato, ascoltato Frank Sinatra, mangiato, dormito, mangiato, passeggiato, dormito e ancora mangiato\u2026 \u00c8 stato pi\u00f9 o meno come lo immaginavo, faticosamente bello!<\/p>\n<p>Non mi rilassavo e stavo ferma per cosi tante ore da\u2026mha, in realt\u00e0 forse non l\u2019 ho mai fatto! Sono ancora reduce da una notte trascorsa sdraiata in terra a Linate, ho dormito neanche un ora per via del suolo gelido, delle luci, dell\u2019 emozione pre-partenza e soprattutto dalla paura che mi derubassero!<\/p>\n<p>Stamattina alle 4.30 l\u2019 incontro con Serena \u00e8 stato super naturale, sembrava ci fossimo viste avantieri per l\u2019 ultima volta. Abbiamo chiacchierato da subito e, una volta ad Amsterdam, lo scalo di 4h \u00e8 volato tra il video da mandare sul web e le passeggiate alla ricerca di cibo..e c\u2019\u00e8 da dire che Linate 0 \u2013 Amsterdam 10!<\/p>\n<p>Ora Serena dorme, tra me, che volevo stare accanto al finestrino per dormire meglio e guardare le nuvole, mentre lei ha preferito il corridoio da veterana del volo per sgranchirsi spesso le gambe, e un ragazzoto che ha dormito pi\u00f9 di noi due messe insieme\u2026Bene ora mi sparo un po di Janis Joplin in attesa del prossimo pasto, adoro KML![\/vc_column_text][vc_row_inner content_aligment=&#8221;center&#8221;][vc_column_inner width=&#8221;1\/6&#8243;][\/vc_column_inner][vc_column_inner width=&#8221;2\/3&#8243;][vc_gallery type=&#8221;flexslider_slide&#8221; interval=&#8221;5&#8243; images=&#8221;3324,3323,3321,3380,3354&#8243; img_size=&#8221;full&#8221; onclick=&#8221;img_link_large&#8221; title=&#8221;Foto reportage&#8221; css=&#8221;.vc_custom_1490028228343{margin-top: 5px !important;margin-bottom: 5px !important;}&#8221;][\/vc_column_inner][vc_column_inner width=&#8221;1\/6&#8243;][\/vc_column_inner][\/vc_row_inner][\/vc_column][\/vc_row][vc_row][vc_column][vc_column_text]\n[\/vc_column_text][\/vc_column][\/vc_row]\n<\/section>","protected":false},"excerpt":{"rendered":"<p>La prima tappa di un viaggio unico in una terra magica: Combinazione di colori, storia e paesaggi mozzafiato<\/p>\n","protected":false},"author":10,"featured_media":3288,"comment_status":"closed","ping_status":"closed","sticky":false,"template":"","format":"standard","meta":[],"categories":[23],"tags":[],"acf":[],"yoast_head":"<!-- This site is optimized with the Yoast SEO plugin v21.8 - https:\/\/yoast.com\/wordpress\/plugins\/seo\/ -->\n<title>#PARTIPERUNVIAGGIO: La I tappa<\/title>\n<meta name=\"robots\" content=\"index, follow, max-snippet:-1, max-image-preview:large, max-video-preview:-1\" \/>\n<link rel=\"canonical\" href=\"https:\/\/www.easymarket.travel\/it\/racconti-di-viaggio\/partiperunviaggio-la-i-tappa\/\" \/>\n<meta property=\"og:locale\" content=\"it_IT\" \/>\n<meta property=\"og:type\" content=\"article\" \/>\n<meta property=\"og:title\" content=\"#PARTIPERUNVIAGGIO: La I tappa\" \/>\n<meta property=\"og:description\" content=\"La prima tappa di un viaggio unico in una terra magica: Combinazione di colori, storia e paesaggi mozzafiato\" \/>\n<meta property=\"og:url\" content=\"https:\/\/www.easymarket.travel\/it\/racconti-di-viaggio\/partiperunviaggio-la-i-tappa\/\" \/>\n<meta property=\"og:site_name\" content=\"Easy Market | IT\" \/>\n<meta property=\"article:publisher\" content=\"https:\/\/www.facebook.com\/EasyMarketTravel\" \/>\n<meta property=\"article:published_time\" content=\"2016-07-18T15:14:58+00:00\" \/>\n<meta property=\"article:modified_time\" content=\"2019-01-22T16:12:02+00:00\" \/>\n<meta property=\"og:image\" content=\"https:\/\/www.easymarket.travel\/it\/wp-content\/uploads\/sites\/2\/2016\/05\/head_partiperunviaggio.jpg\" \/>\n\t<meta property=\"og:image:width\" content=\"980\" \/>\n\t<meta property=\"og:image:height\" content=\"350\" \/>\n\t<meta property=\"og:image:type\" content=\"image\/jpeg\" \/>\n<meta name=\"author\" content=\"Easy Market\" \/>\n<meta name=\"twitter:card\" content=\"summary_large_image\" \/>\n<meta name=\"twitter:creator\" content=\"@easymarketspa\" \/>\n<meta name=\"twitter:site\" content=\"@easymarketspa\" \/>\n<meta name=\"twitter:label1\" content=\"Scritto da\" \/>\n\t<meta name=\"twitter:data1\" content=\"Easy Market\" \/>\n\t<meta name=\"twitter:label2\" content=\"Tempo di lettura stimato\" \/>\n\t<meta name=\"twitter:data2\" content=\"6 minuti\" \/>\n<script type=\"application\/ld+json\" class=\"yoast-schema-graph\">{\"@context\":\"https:\/\/schema.org\",\"@graph\":[{\"@type\":\"Article\",\"@id\":\"https:\/\/www.easymarket.travel\/it\/racconti-di-viaggio\/partiperunviaggio-la-i-tappa\/#article\",\"isPartOf\":{\"@id\":\"https:\/\/www.easymarket.travel\/it\/racconti-di-viaggio\/partiperunviaggio-la-i-tappa\/\"},\"author\":{\"name\":\"Easy Market\",\"@id\":\"https:\/\/www.easymarket.travel\/it\/#\/schema\/person\/7a81907d22b05beb1e38abb3d47ab7fc\"},\"headline\":\"#PARTIPERUNVIAGGIO: La I tappa\",\"datePublished\":\"2016-07-18T15:14:58+00:00\",\"dateModified\":\"2019-01-22T16:12:02+00:00\",\"mainEntityOfPage\":{\"@id\":\"https:\/\/www.easymarket.travel\/it\/racconti-di-viaggio\/partiperunviaggio-la-i-tappa\/\"},\"wordCount\":1133,\"publisher\":{\"@id\":\"https:\/\/www.easymarket.travel\/it\/#organization\"},\"articleSection\":[\"Racconti di Viaggio\"],\"inLanguage\":\"it-IT\"},{\"@type\":\"WebPage\",\"@id\":\"https:\/\/www.easymarket.travel\/it\/racconti-di-viaggio\/partiperunviaggio-la-i-tappa\/\",\"url\":\"https:\/\/www.easymarket.travel\/it\/racconti-di-viaggio\/partiperunviaggio-la-i-tappa\/\",\"name\":\"#PARTIPERUNVIAGGIO: La I tappa\",\"isPartOf\":{\"@id\":\"https:\/\/www.easymarket.travel\/it\/#website\"},\"datePublished\":\"2016-07-18T15:14:58+00:00\",\"dateModified\":\"2019-01-22T16:12:02+00:00\",\"breadcrumb\":{\"@id\":\"https:\/\/www.easymarket.travel\/it\/racconti-di-viaggio\/partiperunviaggio-la-i-tappa\/#breadcrumb\"},\"inLanguage\":\"it-IT\",\"potentialAction\":[{\"@type\":\"ReadAction\",\"target\":[\"https:\/\/www.easymarket.travel\/it\/racconti-di-viaggio\/partiperunviaggio-la-i-tappa\/\"]}]},{\"@type\":\"BreadcrumbList\",\"@id\":\"https:\/\/www.easymarket.travel\/it\/racconti-di-viaggio\/partiperunviaggio-la-i-tappa\/#breadcrumb\",\"itemListElement\":[{\"@type\":\"ListItem\",\"position\":1,\"name\":\"Home\",\"item\":\"https:\/\/www.easymarket.travel\/it\/\"},{\"@type\":\"ListItem\",\"position\":2,\"name\":\"Racconti di Viaggio\",\"item\":\"https:\/\/www.easymarket.travel\/it\/category\/racconti-di-viaggio\/\"},{\"@type\":\"ListItem\",\"position\":3,\"name\":\"#PARTIPERUNVIAGGIO: La I tappa\"}]},{\"@type\":\"WebSite\",\"@id\":\"https:\/\/www.easymarket.travel\/it\/#website\",\"url\":\"https:\/\/www.easymarket.travel\/it\/\",\"name\":\"Easy Market | IT\",\"description\":\"Sistema di prenotazione per Agenzie Viaggi\",\"publisher\":{\"@id\":\"https:\/\/www.easymarket.travel\/it\/#organization\"},\"potentialAction\":[{\"@type\":\"SearchAction\",\"target\":{\"@type\":\"EntryPoint\",\"urlTemplate\":\"https:\/\/www.easymarket.travel\/it\/?s={search_term_string}\"},\"query-input\":\"required name=search_term_string\"}],\"inLanguage\":\"it-IT\"},{\"@type\":\"Organization\",\"@id\":\"https:\/\/www.easymarket.travel\/it\/#organization\",\"name\":\"Easy Market Travel Solutions\",\"url\":\"https:\/\/www.easymarket.travel\/it\/\",\"logo\":{\"@type\":\"ImageObject\",\"inLanguage\":\"it-IT\",\"@id\":\"https:\/\/www.easymarket.travel\/it\/#\/schema\/logo\/image\/\",\"url\":\"https:\/\/www.easymarket.travel\/it\/wp-content\/uploads\/sites\/2\/2017\/11\/em-logo.png\",\"contentUrl\":\"https:\/\/www.easymarket.travel\/it\/wp-content\/uploads\/sites\/2\/2017\/11\/em-logo.png\",\"width\":280,\"height\":65,\"caption\":\"Easy Market Travel Solutions\"},\"image\":{\"@id\":\"https:\/\/www.easymarket.travel\/it\/#\/schema\/logo\/image\/\"},\"sameAs\":[\"https:\/\/www.facebook.com\/EasyMarketTravel\",\"https:\/\/twitter.com\/easymarketspa\",\"https:\/\/it.linkedin.com\/company\/easy-market-s-p-a-\",\"https:\/\/www.youtube.com\/channel\/UCo41Eg2yO4vAQDiYoICfn9w\"]},{\"@type\":\"Person\",\"@id\":\"https:\/\/www.easymarket.travel\/it\/#\/schema\/person\/7a81907d22b05beb1e38abb3d47ab7fc\",\"name\":\"Easy Market\",\"image\":{\"@type\":\"ImageObject\",\"inLanguage\":\"it-IT\",\"@id\":\"https:\/\/www.easymarket.travel\/it\/#\/schema\/person\/image\/\",\"url\":\"https:\/\/secure.gravatar.com\/avatar\/2383c94e282b848f484115d02500c62b?s=96&d=mm&r=g\",\"contentUrl\":\"https:\/\/secure.gravatar.com\/avatar\/2383c94e282b848f484115d02500c62b?s=96&d=mm&r=g\",\"caption\":\"Easy Market\"}}]}<\/script>\n<!-- \/ Yoast SEO plugin. -->","yoast_head_json":{"title":"#PARTIPERUNVIAGGIO: La I tappa","robots":{"index":"index","follow":"follow","max-snippet":"max-snippet:-1","max-image-preview":"max-image-preview:large","max-video-preview":"max-video-preview:-1"},"canonical":"https:\/\/www.easymarket.travel\/it\/racconti-di-viaggio\/partiperunviaggio-la-i-tappa\/","og_locale":"it_IT","og_type":"article","og_title":"#PARTIPERUNVIAGGIO: La I tappa","og_description":"La prima tappa di un viaggio unico in una terra magica: Combinazione di colori, storia e paesaggi mozzafiato","og_url":"https:\/\/www.easymarket.travel\/it\/racconti-di-viaggio\/partiperunviaggio-la-i-tappa\/","og_site_name":"Easy Market | IT","article_publisher":"https:\/\/www.facebook.com\/EasyMarketTravel","article_published_time":"2016-07-18T15:14:58+00:00","article_modified_time":"2019-01-22T16:12:02+00:00","og_image":[{"width":980,"height":350,"url":"https:\/\/www.easymarket.travel\/it\/wp-content\/uploads\/sites\/2\/2016\/05\/head_partiperunviaggio.jpg","type":"image\/jpeg"}],"author":"Easy Market","twitter_card":"summary_large_image","twitter_creator":"@easymarketspa","twitter_site":"@easymarketspa","twitter_misc":{"Scritto da":"Easy Market","Tempo di lettura stimato":"6 minuti"},"schema":{"@context":"https:\/\/schema.org","@graph":[{"@type":"Article","@id":"https:\/\/www.easymarket.travel\/it\/racconti-di-viaggio\/partiperunviaggio-la-i-tappa\/#article","isPartOf":{"@id":"https:\/\/www.easymarket.travel\/it\/racconti-di-viaggio\/partiperunviaggio-la-i-tappa\/"},"author":{"name":"Easy Market","@id":"https:\/\/www.easymarket.travel\/it\/#\/schema\/person\/7a81907d22b05beb1e38abb3d47ab7fc"},"headline":"#PARTIPERUNVIAGGIO: La I tappa","datePublished":"2016-07-18T15:14:58+00:00","dateModified":"2019-01-22T16:12:02+00:00","mainEntityOfPage":{"@id":"https:\/\/www.easymarket.travel\/it\/racconti-di-viaggio\/partiperunviaggio-la-i-tappa\/"},"wordCount":1133,"publisher":{"@id":"https:\/\/www.easymarket.travel\/it\/#organization"},"articleSection":["Racconti di Viaggio"],"inLanguage":"it-IT"},{"@type":"WebPage","@id":"https:\/\/www.easymarket.travel\/it\/racconti-di-viaggio\/partiperunviaggio-la-i-tappa\/","url":"https:\/\/www.easymarket.travel\/it\/racconti-di-viaggio\/partiperunviaggio-la-i-tappa\/","name":"#PARTIPERUNVIAGGIO: La I tappa","isPartOf":{"@id":"https:\/\/www.easymarket.travel\/it\/#website"},"datePublished":"2016-07-18T15:14:58+00:00","dateModified":"2019-01-22T16:12:02+00:00","breadcrumb":{"@id":"https:\/\/www.easymarket.travel\/it\/racconti-di-viaggio\/partiperunviaggio-la-i-tappa\/#breadcrumb"},"inLanguage":"it-IT","potentialAction":[{"@type":"ReadAction","target":["https:\/\/www.easymarket.travel\/it\/racconti-di-viaggio\/partiperunviaggio-la-i-tappa\/"]}]},{"@type":"BreadcrumbList","@id":"https:\/\/www.easymarket.travel\/it\/racconti-di-viaggio\/partiperunviaggio-la-i-tappa\/#breadcrumb","itemListElement":[{"@type":"ListItem","position":1,"name":"Home","item":"https:\/\/www.easymarket.travel\/it\/"},{"@type":"ListItem","position":2,"name":"Racconti di Viaggio","item":"https:\/\/www.easymarket.travel\/it\/category\/racconti-di-viaggio\/"},{"@type":"ListItem","position":3,"name":"#PARTIPERUNVIAGGIO: La I tappa"}]},{"@type":"WebSite","@id":"https:\/\/www.easymarket.travel\/it\/#website","url":"https:\/\/www.easymarket.travel\/it\/","name":"Easy Market | IT","description":"Sistema di prenotazione per Agenzie Viaggi","publisher":{"@id":"https:\/\/www.easymarket.travel\/it\/#organization"},"potentialAction":[{"@type":"SearchAction","target":{"@type":"EntryPoint","urlTemplate":"https:\/\/www.easymarket.travel\/it\/?s={search_term_string}"},"query-input":"required name=search_term_string"}],"inLanguage":"it-IT"},{"@type":"Organization","@id":"https:\/\/www.easymarket.travel\/it\/#organization","name":"Easy Market Travel Solutions","url":"https:\/\/www.easymarket.travel\/it\/","logo":{"@type":"ImageObject","inLanguage":"it-IT","@id":"https:\/\/www.easymarket.travel\/it\/#\/schema\/logo\/image\/","url":"https:\/\/www.easymarket.travel\/it\/wp-content\/uploads\/sites\/2\/2017\/11\/em-logo.png","contentUrl":"https:\/\/www.easymarket.travel\/it\/wp-content\/uploads\/sites\/2\/2017\/11\/em-logo.png","width":280,"height":65,"caption":"Easy Market Travel Solutions"},"image":{"@id":"https:\/\/www.easymarket.travel\/it\/#\/schema\/logo\/image\/"},"sameAs":["https:\/\/www.facebook.com\/EasyMarketTravel","https:\/\/twitter.com\/easymarketspa","https:\/\/it.linkedin.com\/company\/easy-market-s-p-a-","https:\/\/www.youtube.com\/channel\/UCo41Eg2yO4vAQDiYoICfn9w"]},{"@type":"Person","@id":"https:\/\/www.easymarket.travel\/it\/#\/schema\/person\/7a81907d22b05beb1e38abb3d47ab7fc","name":"Easy Market","image":{"@type":"ImageObject","inLanguage":"it-IT","@id":"https:\/\/www.easymarket.travel\/it\/#\/schema\/person\/image\/","url":"https:\/\/secure.gravatar.com\/avatar\/2383c94e282b848f484115d02500c62b?s=96&d=mm&r=g","contentUrl":"https:\/\/secure.gravatar.com\/avatar\/2383c94e282b848f484115d02500c62b?s=96&d=mm&r=g","caption":"Easy Market"}}]}},"_links":{"self":[{"href":"https:\/\/www.easymarket.travel\/it\/wp-json\/wp\/v2\/posts\/3289"}],"collection":[{"href":"https:\/\/www.easymarket.travel\/it\/wp-json\/wp\/v2\/posts"}],"about":[{"href":"https:\/\/www.easymarket.travel\/it\/wp-json\/wp\/v2\/types\/post"}],"author":[{"embeddable":true,"href":"https:\/\/www.easymarket.travel\/it\/wp-json\/wp\/v2\/users\/10"}],"replies":[{"embeddable":true,"href":"https:\/\/www.easymarket.travel\/it\/wp-json\/wp\/v2\/comments?post=3289"}],"version-history":[{"count":62,"href":"https:\/\/www.easymarket.travel\/it\/wp-json\/wp\/v2\/posts\/3289\/revisions"}],"predecessor-version":[{"id":8629,"href":"https:\/\/www.easymarket.travel\/it\/wp-json\/wp\/v2\/posts\/3289\/revisions\/8629"}],"wp:featuredmedia":[{"embeddable":true,"href":"https:\/\/www.easymarket.travel\/it\/wp-json\/wp\/v2\/media\/3288"}],"wp:attachment":[{"href":"https:\/\/www.easymarket.travel\/it\/wp-json\/wp\/v2\/media?parent=3289"}],"wp:term":[{"taxonomy":"category","embeddable":true,"href":"https:\/\/www.easymarket.travel\/it\/wp-json\/wp\/v2\/categories?post=3289"},{"taxonomy":"post_tag","embeddable":true,"href":"https:\/\/www.easymarket.travel\/it\/wp-json\/wp\/v2\/tags?post=3289"}],"curies":[{"name":"wp","href":"https:\/\/api.w.org\/{rel}","templated":true}]}}